{"id":406,"date":"2020-03-27T18:49:32","date_gmt":"2020-03-27T17:49:32","guid":{"rendered":"http:\/\/leshistoiresduplacard.fr\/?p=406"},"modified":"2020-05-28T11:24:56","modified_gmt":"2020-05-28T09:24:56","slug":"chapitre-2-mathilde-et-compagnie","status":"publish","type":"post","link":"https:\/\/leshistoiresduplacard.fr\/index.php\/2020\/03\/27\/chapitre-2-mathilde-et-compagnie\/","title":{"rendered":"Chapitre 2 &#8211; Mathilde et compagnie"},"content":{"rendered":"<p class=\"alinea\">Le lendemain, je suis retourn\u00e9e au coll\u00e8ge, et apr\u00e8s la d\u00e9monstration de la veille, j&rsquo;\u00e9tais presque contente de me retrouver dans la cour avec des surveillants en chair et en os&nbsp;!<\/p>\n<p class=\"alinea\">Mathilde, ma meilleure amie, s\u2019est pr\u00e9cipit\u00e9e d\u00e8s qu\u2019elle m\u2019a vue arriver. Elle habite dans le m\u00eame immeuble que moi. Elle au 1er et moi au 5\u00e9me. Mais le matin elle arrive toujours avant, histoire de \u00ab\u00a0prendre la temp\u00e9rature\u00a0\u00bb (c\u2019est son expression, je ne fais que l\u2019emprunter avec son aimable autorisation). En r\u00e9sum\u00e9, c\u2019est un peu de l\u2019ornithologie, mais il faut remplacer les oiseaux par les \u00e9l\u00e8ves. Elle \u00e9coute le piaillement de la cour pour avoir les derni\u00e8res infos, croustillantes de pr\u00e9f\u00e9rence. Une sorte de twitter pr\u00e9historique quoi&nbsp;! Quand j\u2019arrive, elle a d\u00e9j\u00e0 tout un tas d\u2019histoires \u00e0 raconter. Mais ce matin-l\u00e0, c\u2019est moi qu\u2019elle a \u00e9cout\u00e9e.<\/p>\n<p class=\"alinea\">\u2013 <em>Pas possible&nbsp;!<\/em> a dit Mathilde \u00e0 la fin de mon r\u00e9cit, <em>ce truc va vraiment te surveiller quand tes parents seront pas l\u00e0&nbsp;!<\/em><\/p>\n<p class=\"alinea\">\u2013 <em>Ouai, t\u2019imagines, je pourrais pas sortir de chez moi, pas regarder la t\u00e9l\u00e9 apr\u00e8s 21h30 et seulement des cha\u00eenes que le bidule m\u2019autorise.<\/em><\/p>\n<p class=\"alinea\">\u2013 <em>Pas possible&nbsp;! Et l\u2019ordi, t\u2019as droit \u00e0 l\u2019ordi quand m\u00eame&nbsp;?<\/em><\/p>\n<p class=\"alinea\">\u2013 <em>Oui\u2026 dans mes r\u00eaves.<\/em><\/p>\n<p class=\"alinea\">\u2013 <em>Pas possible&nbsp;! Mais tes parents sont des MONSTRES&nbsp;!!<\/em><\/p>\n<p class=\"alinea\">\u2013 <em>Faut pas exag\u00e9rer, ils disent que \u00e7a les rassure de savoir que GOGOL veille sur moi.<\/em><\/p>\n<p class=\"alinea\">\u2013 <em>GOGOL&nbsp;! Mais faut \u00eatre un peu perturb\u00e9 pour appeler ce truc GOGOL non&nbsp;?<\/em><\/p>\n<p class=\"alinea\">\u2013 <em>Euh, l\u00e0 c&rsquo;\u00e9tait mon id\u00e9e\u2026<\/em><\/p>\n<p class=\"alinea\">\u2013 <em>Pas possible\u2026<\/em><\/p>\n<p class=\"alinea\">Mathilde avait l\u2019air encore plus d\u00e9pit\u00e9 que moi, mais avant qu\u2019elle ne me resserve un \u00ab\u00a0pas possible\u00a0\u00bb (je suis s\u00fbre que \u00e7a commence \u00e0 vous \u00e9nerver vous aussi), je lui ai dit qu\u2019il fallait qu\u2019on trouve un moyen de neutraliser mon surveillant-espion 2.0.<\/p>\n<p class=\"alinea\">\u2013 <em>Au moins, tu pourras descendre chez moi quand tes parents seront partis&nbsp;!<\/em><\/p>\n<p class=\"alinea\">\u2013 <em>Ben ouai, y\u2019a pas de raison qu\u2019ils aillent prendre du bon temps, et que moi je reste seule \u00e0 la maison, avec la super aubergine en train de me renifler.<\/em><\/p>\n<p class=\"alinea\">\u2013 <em>Sauf que pour arriver \u00e0 \u00e9chapper \u00e0 sa surveillance, il va falloir \u00eatre cal\u00e9 en informatique, je vois pas comment tu&#8230;<\/em><\/p>\n<p class=\"alinea\">Mathilde s\u2019est arr\u00eat\u00e9e net de parler, comme si quelqu\u2019un lui avait mis un revolver dans le dos.<\/p>\n<p class=\"alinea\">\u2013 <em>Qu\u2019est-ce qui se passe&nbsp;? T\u2019as bugg\u00e9&nbsp;?<\/em> lui ai-je demand\u00e9 un peu inqui\u00e8te.<\/p>\n<p class=\"alinea\">Alors elle s\u2019est mise \u00e0 agiter son index et remuer les yeux, et m\u2019a dit du bout des l\u00e8vres<\/p>\n<p class=\"alinea\">\u2013 <em>Regarde l\u00e0-bas, y\u2019a ta solution&nbsp;!<\/em><\/p>\n<p class=\"alinea\">\u2013 <em>Mathilde, tu peux arr\u00eater ton num\u00e9ro de ventriloque, c\u2019est vraiment pas au point et en plus je comprends rien\u2026 l\u00e0&nbsp;? O\u00f9 \u00e7a, l\u00e0&nbsp;?<\/em><\/p>\n<p class=\"alinea\">Et je me suis retourn\u00e9e, et je l\u2019ai vu&nbsp;!<\/p>\n<p><img src=\"http:\/\/leshistoiresduplacard.fr\/wp-content\/uploads\/2020\/03\/cha2-1.jpg\"><\/p>\n<p class=\"separateur\">***<\/p>\n<p class=\"alinea\">Pour faire court, ce que j\u2019ai vu c\u2019est J\u00e9r\u00e9mie.<\/p>\n<p class=\"alinea\">Bon ok, je vais faire un peu plus long, m\u00eame si \u00e7a ne le m\u00e9rite pas&nbsp;!<\/p>\n<p class=\"alinea\">\u00c7a, donc, puisque vous insistez, c\u2019est J\u00e9r\u00e9mie, ou bien le \u00ab\u00a0beau J\u00e9r\u00e9mie\u00a0\u00bb comme l\u2019appelle Mathilde, ou bien \u00ab\u00a0J\u00e9r\u00e9mie le gar\u00e7on le plus craquant du coll\u00e8ge\u00a0\u00bb, toujours d&rsquo;apr\u00e8s Mathilde.<\/p>\n<p class=\"alinea\">Alors oui, peut-\u00eatre qu\u2019il a de beaux cheveux, un beau visage, de belles dents, de beaux yeux, s\u00fbrement deux beaux pieds qui sentent bon en plus. Mais est-ce qu\u2019il est beau&nbsp;? je n\u2019en sais rien et ce n\u2019est pas le probl\u00e8me&nbsp;! Le probl\u00e8me de J\u00e9r\u00e9mie, c\u2019est qu\u2019il a une terrible maladie&nbsp;: c\u2019est un Geek ; vous savez, ce genre de personne qui voit la vie en pixel et qui sait mieux \u00e9crire avec un clavier qu\u2019avec un stylo.<\/p>\n<p class=\"alinea\">\u2013 <em>Jamais&nbsp;!&nbsp;<\/em>m\u00eame pas en r\u00eave j\u2019approche de lui, il doit \u00eatre contagieux en plus.<\/p>\n<p class=\"alinea\">\u2013 <em>\u00catre Geek, ce n\u2019est pas une maladie mademoiselle<\/em>, m\u2019a dit doctement Mathilde,<em> m\u00eame si je d\u00e9note une l\u00e9g\u00e8re pouss\u00e9e de fi\u00e8vre au niveau de vos joues&nbsp;! Le beau J\u00e9r\u00e9mie vous ferait-il de l\u2019effet&nbsp;?<\/em><\/p>\n<p class=\"alinea\">\u2013 <em>Non mais, tu dis n\u2019importe quoi&nbsp;! C\u2019est juste que&#8230; je ne parle pas son langage de, de\u2026 de robot&nbsp;!<\/em><\/p>\n<p class=\"alinea\">\u2013 <em>Il n&#8217;emp\u00eache<\/em>, a poursuivi Mathilde avec un air de d\u00e9fi<em>, c\u2019est soit J\u00e9r\u00e9mie 2.0 soit ta courgette espion 2.0<\/em><\/p>\n<p class=\"separateur\">***<\/p>\n<p class=\"alinea\">Comment je me suis retrouv\u00e9e devant lui, je ne sais plus&nbsp;! J\u2019ai senti quelqu\u2019un me pousser dans le dos et puis mes jambes se sont mises en mouvement, et avant que je n\u2019aie le temps d\u2019appuyer sur la p\u00e9dale de frein, j&rsquo;\u00e9tais nez \u00e0 nez (ah tiens&nbsp;? Il a un beau nez aussi), avec le gar\u00e7on le plus craquant du coll\u00e8ge\u2026 euh\u2026 avec J\u00e9r\u00e9mie.<\/p>\n<p class=\"alinea\">Il a ouvert de grands yeux en me voyant m&rsquo;arr\u00eater pile devant lui, si pr\u00e8s que je pouvais me voir dans ses pupilles. Je confirme que j\u2019avais l\u2019air d\u2019une grosse tomate m\u00fbre \u00e0 point.<\/p>\n<p class=\"alinea\">\u2013 <em>Oui&nbsp;?<\/em> a dit J\u00e9r\u00e9mie avec un soup\u00e7on de m\u00e9fiance dans la voix.<\/p>\n<p class=\"alinea\">\u2013 <em>Euh\u2026<\/em><\/p>\n<p class=\"alinea\">Je me suis retourn\u00e9e rapidement dans la direction de Mathilde, juste le temps de lire un \u00ab\u00a0vas-y&nbsp;!\u00a0\u00bb sur ses l\u00e8vres, et puis je suis revenue \u00e0 ma position de d\u00e9part comme un ressort. Ouf&nbsp;! J\u00e9r\u00e9mie avait l\u00e9g\u00e8rement recul\u00e9. J\u2019en ai profit\u00e9 pour prendre une grande respiration&nbsp;:<\/p>\n<p class=\"alinea\">\u2013 <em>C\u2019est vrai ce qu\u2019on dit&nbsp;? Que t\u2019es super fort en informatique&nbsp;?<\/em><\/p>\n<p class=\"alinea\">J\u2019ai cru voir ses joues se teinter de rouge. J\u00e9r\u00e9mie serait-il timide&nbsp;?<\/p>\n<p class=\"alinea\">\u2013 <em>\u00c7a d\u00e9pend&nbsp;? Pourquoi&nbsp;?<\/em><\/p>\n<p class=\"alinea\">\u2013 <em>C\u2019est que\u2026 j\u2019ai un probl\u00e8me&#8230; qui n\u00e9cessiterait une personne tr\u00e8s cal\u00e9e&#8230; mais bon, peut \u00eatre que je me suis tromp\u00e9e<\/em>, et j\u2019ai commenc\u00e9 \u00e0 reculer.<\/p>\n<p class=\"alinea\">Je sais, c\u2019est une technique vieille comme le monde (environ 4,5 milliards d\u2019ann\u00e9es pour ceux que \u00e7a int\u00e9resse), poser une question et partir, pour que la personne interrog\u00e9e se sente oblig\u00e9e de vous retenir. Mais l\u00e0, je me trouvais tellement idiote, que tout ce que je voulais, c&rsquo;\u00e9tait retourner voir Mathilde pour lui dire que son id\u00e9e \u00e9tait stupide&nbsp;!<\/p>\n<p class=\"alinea\">\u2013 <em>Et attends&nbsp;! Peut-\u00eatre que je peux t&rsquo;aider, enfin \u00e7a d\u00e9pend du probl\u00e8me bien s\u00fbr.<\/em><\/p>\n<p class=\"alinea\">Mince&nbsp;! La technique ancestrale avait fonctionn\u00e9 malgr\u00e9 moi, et en plus, il \u00e9tait modeste&nbsp;! Alors, je lui ai tout dis, enfin presque, je lui ai \u00e9pargn\u00e9 la blague du fou qui repeint\u2026 enfin, vous savez quoi.<\/p>\n<p class=\"alinea\">Au d\u00e9but, il m\u2019a \u00e9cout\u00e9 sans broncher. Mais au bout de deux minutes, il s\u2019est mis \u00e0 tripoter un stylo qu\u2019il avait dans la poche de son polo. J\u2019ai bien cru que je commen\u00e7ais \u00e0 l&rsquo;ennuyer avec mon histoire, alors en plein milieu de ma phrase j\u2019ai dit&nbsp;:<\/p>\n<p class=\"alinea\">\u2013 <em>\u2026 et le fou dit \u00e0 l\u2019autre&nbsp;:  et elle s\u2019appelle \u00ab\u00a0Revient\u00a0\u00bb&nbsp;! Et ne l\u2019appelle pas Robert \u00e7a pourrait la vexer&nbsp;!<\/em><\/p>\n<p class=\"alinea\">\u2013 <em>Hein&nbsp;? C\u2019est quoi le rapport&nbsp;?<\/em> m\u2019a dit J\u00e9r\u00e9mie.<\/p>\n<p class=\"alinea\">Re-Mince, il \u00e9coutait vraiment ce que je lui disais.<\/p>\n<p class=\"alinea\">\u2013 <em>Euh&#8230; Rien, c\u2019est que&#8230; j\u2019avais l\u2019impression que ton stylo t&rsquo;int\u00e9ressait plus que mon histoire.<\/em><\/p>\n<p class=\"alinea\">Un grand sourire fa\u00e7on Joconde (\u00e9nigmatique si vous pr\u00e9f\u00e9rez) s\u2019est \u00e9panoui sur son visage&nbsp;:<\/p>\n<p class=\"alinea\">\u2013 <em>Ah, \u00e7a\u2026 bon, je crois que j\u2019en sais assez, mon stylo et moi, on va r\u00e9fl\u00e9chir \u00e0 ton probl\u00e8me, \u00e0 plus&nbsp;!<\/em><\/p>\n<p class=\"alinea\">Et il m\u2019a laiss\u00e9 en plan comme une vieille tomate pourrie.<\/p>\n<p><img src=\"http:\/\/leshistoiresduplacard.fr\/wp-content\/uploads\/2020\/03\/cha2-2.jpg\"><\/p>\n<p class=\"separateur\">***<\/p>\n<p class=\"alinea\">\u2013 <em>Et c\u2019est tout&nbsp;?<\/em> m\u2019a interrog\u00e9 Mathilde quand je suis all\u00e9e la retrouver. <em>Il t\u2019a dit \u00ab\u00a0\u00e0 plus\u00a0\u00bb et il est parti&nbsp;! Comme \u00e7a&nbsp;! Mais pour qui il se prend le Geek&nbsp;! Et d\u2019abord, qui dit encore \u00ab\u00a0\u00e0 plus\u00a0\u00bb \u00e0 notre \u00e9poque&nbsp;?<\/em> Elle \u00e9tait furax.<\/p>\n<p class=\"alinea\">\u2013 <em>Les m\u00eames personnes qui mettent des stylos dans la poche de leur polo je suppose<\/em>, lui ai-je r\u00e9pondu un brin r\u00eaveuse.<\/p>\n<p class=\"alinea\">\u00c0 la suite de cette r\u00e9v\u00e9lation capitale, qui eut lieu \u00e0 neuf heures z\u00e9ro z\u00e9ro, nous all\u00e2mes au premier cours de la journ\u00e9e. (Un peu de pass\u00e9 simple, \u00e0 consommer avec mod\u00e9ration&nbsp;!)<\/p>\n<p class=\"separateur\">***<\/p>\n<p class=\"alinea\">Comme tous les jours, \u00e0 mon douzi\u00e8me gargouillis, midi plus ou moins une minute d&rsquo;apr\u00e8s mon estomac, on s\u2019est retrouv\u00e9e \u00e0 la cafet\u2019 du coll\u00e8ge. On s\u2019est assise \u00e0 une table de quatre, Mathilde, deux autres copines et moi (2+2=4, je pr\u00e9cise, m\u00eame si vous \u00eates forts en maths).<\/p>\n<p class=\"alinea\">La cafet\u2019, c\u2019est un peu comme en cours, mais au lieu de se remplir la t\u00eate, on se remplit le ventre, et au lieu de discuter \u00e0 voix basse, on peut crier sans d\u00e9ranger personne, vu que tout le monde parle bruyamment.<\/p>\n<p class=\"alinea\">Mathilde ne s\u2019est pas fait prier pour raconter mes m\u00e9saventures de la matin\u00e9e&nbsp;:<\/p>\n<p class=\"alinea\">\u2013 <em>Non mais s\u00e9rieux&nbsp;! Il doit avoir un probl\u00e8me ce gars, d\u00e9j\u00e0 beau qu\u2019une fille comme Lola lui adresse la parole&nbsp;! Et lui, il s&rsquo;\u00e9chappe, tranquille dans son p\u2019tit polo&#8230;<\/em><\/p>\n<p class=\"alinea\">\u2013 <em>A poche<\/em>, ai-je ajout\u00e9,<em> tr\u00e8s important la poche, pour mettre son p\u2019tit stylo.<\/em><\/p>\n<p class=\"alinea\">\u2013 <em>Non mais ils sont malades ces Geeks&nbsp;!&nbsp;<\/em> a dit Sarah en vrillant son index sur sa tempe.<\/p>\n<p class=\"alinea\">\u2013 <em>Tu vois, je l\u2019avais dit, \u00eatre Geek c\u2019est une maladie. J&rsquo;esp\u00e8re qu\u2019il m\u2019a pas contamin\u00e9e&nbsp;?<\/em><\/p>\n<p class=\"alinea\">\u2013 <em>On va faire le test<\/em>, a propos\u00e9 Am\u00e9lie avec un sourire en coin. <em>Ferme les yeux&nbsp;!<\/em><\/p>\n<p class=\"alinea\">Je l\u2019ai entendu trifouiller dans son sac \u00e0 dos, et j\u2019ai senti qu\u2019elle me mettait quelque chose sous le nez.<\/p>\n<p class=\"alinea\">\u2013 <em>Alors&nbsp;? c\u2019est quoi \u00e7a&nbsp;? C\u2019est quoi&nbsp;? Cherche mon geek&#8230; cherche\u2026<\/em><\/p>\n<p class=\"alinea\">Ok, je crois que j\u2019avais compris son id\u00e9e. Je me suis mise \u00e0 renifler comme un chien qui a senti une saucisse et j\u2019ai tir\u00e9 la langue en haletant comme\u2026 euh\u2026 un chien qui a senti une saucisse (ce n\u2019est pas \u00e9vident de trouver une nouvelle image \u00e0 chaque fois, j\u2019aimerais vous y voir&nbsp;!). Et j\u2019ai d\u00e9bit\u00e9 \u00e0 toute vitesse&nbsp;:<\/p>\n<p class=\"alinea\">\u2013 <em>C\u2019est un\u2026 aiePhone, dor\u00e9e, j\u2019ai renifl\u00e9 encore un coup, non\u2026 rose&nbsp;! Dot\u00e9 de 3 micros 4 haut-parleurs, le WIFI, le Bluetooth, une antenne satellite, un ouvre bo\u00eete et \u2026 une coque en feuille de banane bio&nbsp;!<\/em><\/p>\n<p class=\"alinea\">\u2013 <em>Mal\u00e9diction&nbsp;!<\/em> s\u2019est exclam\u00e9e Am\u00e9lie<em>, le virus a gagn\u00e9 les zones les plus recul\u00e9es de son cerveau.<\/em><\/p>\n<p class=\"alinea\">\u2013 <em>Une seule solution&nbsp;: l&rsquo;\u00e9radication&nbsp;! <\/em>a cri\u00e9 Sarah qui prenait le relai.<\/p>\n<p class=\"alinea\">Et elle a fait mine de me tirer dessus avec son index point\u00e9 en direction de mon front&nbsp;: Pout&nbsp;! (Elle avait mis un silencieux au bout de son doigt, sinon \u00e7a aurait fait&nbsp;: Pan, bien s\u00fbr&nbsp;!)<\/p>\n<p class=\"alinea\">J\u2019ai port\u00e9 la main \u00e0 ma t\u00eate, apr\u00e8s qu\u2019elle soit pass\u00e9e rapidement par mon assiette r\u00e9cup\u00e9rer un peu de ketchup ; car c&rsquo;\u00e9tait steak en carton frites en bois au menu.<\/p>\n<p class=\"alinea\">\u2013 <em>Argghhh, je suis mortellement touch\u00e9e&nbsp;!<\/em><\/p>\n<p class=\"alinea\">Je sentais le ketchup d\u00e9gouliner entre mes yeux, \u00e7a devait \u00eatre du plus bel effet&nbsp;!<\/p>\n<p class=\"alinea\">\u2013 <em>Mathilde, je te l\u00e8gue mon dessert, mange-le en souvenir de moi\u2026 et pas le contraire je t\u2019en suppliiiiie&#8230;&nbsp;!<\/em><\/p>\n<p class=\"alinea\">Et je me suis effondr\u00e9e sur la table&nbsp;! Mes trois copines ont \u00e9clat\u00e9 de rire.<\/p>\n<p><img src=\"http:\/\/leshistoiresduplacard.fr\/wp-content\/uploads\/2020\/03\/cha2-4.jpg\"><\/p>\n<p class=\"separateur\">***<\/p>\n<p class=\"alinea\">Je faisais toujours la morte \u00e0 c\u00f4t\u00e9 de mon assiette, lorsque du coin de l\u2019\u0153il j\u2019ai aper\u00e7u une paire de baskets entr\u00e9e dans mon champ de vision. Simultan\u00e9ment, les rires ont cess\u00e9, et j\u2019ai entendu Mathilde faire un \u00ab\u00a0hum, hum\u00a0\u00bb. Alors, j\u2019ai lentement relev\u00e9 la t\u00eate. J\u2019ai vu appara\u00eetre le bas d\u2019un tee-shirt, j\u2019ai continu\u00e9 ma remont\u00e9e, et mon regard a crois\u00e9, oh mis\u00e8re, une poche, puis, oh surprise, un col, et juste au-dessus\u2026<\/p>\n<p class=\"alinea\">\u2013 <em>Oh&nbsp;! Salut J\u00e9r\u00e9mie&nbsp;! \u00c7a va depuis tout \u00e0 l\u2019heure&nbsp;?<\/em><\/p>\n<p class=\"alinea\">Je pronon\u00e7ais cette derni\u00e8re phrase en grima\u00e7ant comme si j\u2019avais les l\u00e8vres gerc\u00e9es.<\/p>\n<p class=\"alinea\">Il avait son dr\u00f4le de sourire \u00e0 la bouche et les joues l\u00e9g\u00e8rement teint\u00e9es de rose. Il m\u2019a dit dans un souffle&nbsp;:<\/p>\n<p class=\"alinea\">\u2013 <em>Rendez-vous \u00e0 13h au Club d\u2019Informatique<\/em><\/p>\n<p class=\"alinea\">Et il a continu\u00e9 son chemin jusqu&rsquo;\u00e0 une table au fond de la cafet\u2019.<\/p>\n<p class=\"alinea\">Les filles m\u2019ont regard\u00e9e, interloqu\u00e9es (voir dictionnaire non fourni pour la d\u00e9finition), j\u2019avais subitement trop chaud.<\/p>\n<p class=\"alinea\">\u2013 <em>Il est craquant&nbsp;!<\/em> a soupir\u00e9 Mathilde, comme si elle avait oubli\u00e9 tout ce qu\u2019on venait de dire.<\/p>\n<p class=\"alinea\">\u2013 <em>Tu vas vraiment aller l\u00e0-bas&nbsp;? Chez les Geeks&nbsp;?<\/em> m\u2019a demand\u00e9e Sarah avec un l\u00e9ger tremblement dans la voix.<\/p>\n<p class=\"alinea\">Je ne sais pas si c\u2019est \u00e0 cause de cette question en forme d\u2019avertissement, mais un frisson m\u2019a parcouru l&rsquo;\u00e9chine, et comme vous le dira tout bon m\u00e9t\u00e9orologue, la rencontre d\u2019une masse d\u2019air chaud et d\u2019une masse d\u2019air froid provoque souvent des ph\u00e9nom\u00e8nes orageux. R\u00e9sultat, j\u2019ai \u00e9ternu\u00e9 le ketchup qui avait coulait jusqu&rsquo;\u00e0 mon nez, et une fine pluie de sauce tomate est venue parsemer le doux visage d\u2019Am\u00e9lie de taches de rousseur&#8230; rouges&nbsp;!<\/p>\n<p><img src=\"http:\/\/leshistoiresduplacard.fr\/wp-content\/uploads\/2020\/03\/cha2-3.jpg\"><\/p>\n","protected":false},"excerpt":{"rendered":"<p>Le lendemain, je suis retourn\u00e9e au coll\u00e8ge, et apr\u00e8s la d\u00e9monstration de la veille, j&rsquo;\u00e9tais presque contente de me retrouver dans la cour avec des surveillants en chair et en os&nbsp;! Mathilde, ma meilleure amie, s\u2019est pr\u00e9cipit\u00e9e d\u00e8s qu\u2019elle m\u2019a vue arriver. Elle habite dans le m\u00eame immeuble que moi. Elle au 1er et moi &hellip; <a href=\"https:\/\/leshistoiresduplacard.fr\/index.php\/2020\/03\/27\/chapitre-2-mathilde-et-compagnie\/\" class=\"more-link\">Continuer la lecture de <span class=\"screen-reader-text\">Chapitre 2 &#8211; Mathilde et compagnie<\/span><\/a><\/p>\n","protected":false},"author":1,"featured_media":458,"comment_status":"open","ping_status":"open","sticky":false,"template":"","format":"standard","meta":[],"categories":[13],"tags":[],"_links":{"self":[{"href":"https:\/\/leshistoiresduplacard.fr\/index.php\/wp-json\/wp\/v2\/posts\/406"}],"collection":[{"href":"https:\/\/leshistoiresduplacard.fr\/index.php\/wp-json\/wp\/v2\/posts"}],"about":[{"href":"https:\/\/leshistoiresduplacard.fr\/index.php\/wp-json\/wp\/v2\/types\/post"}],"author":[{"embeddable":true,"href":"https:\/\/leshistoiresduplacard.fr\/index.php\/wp-json\/wp\/v2\/users\/1"}],"replies":[{"embeddable":true,"href":"https:\/\/leshistoiresduplacard.fr\/index.php\/wp-json\/wp\/v2\/comments?post=406"}],"version-history":[{"count":11,"href":"https:\/\/leshistoiresduplacard.fr\/index.php\/wp-json\/wp\/v2\/posts\/406\/revisions"}],"predecessor-version":[{"id":713,"href":"https:\/\/leshistoiresduplacard.fr\/index.php\/wp-json\/wp\/v2\/posts\/406\/revisions\/713"}],"wp:featuredmedia":[{"embeddable":true,"href":"https:\/\/leshistoiresduplacard.fr\/index.php\/wp-json\/wp\/v2\/media\/458"}],"wp:attachment":[{"href":"https:\/\/leshistoiresduplacard.fr\/index.php\/wp-json\/wp\/v2\/media?parent=406"}],"wp:term":[{"taxonomy":"category","embeddable":true,"href":"https:\/\/leshistoiresduplacard.fr\/index.php\/wp-json\/wp\/v2\/categories?post=406"},{"taxonomy":"post_tag","embeddable":true,"href":"https:\/\/leshistoiresduplacard.fr\/index.php\/wp-json\/wp\/v2\/tags?post=406"}],"curies":[{"name":"wp","href":"https:\/\/api.w.org\/{rel}","templated":true}]}}